{"id":68,"date":"2016-10-10T22:25:55","date_gmt":"2016-10-10T19:25:55","guid":{"rendered":"http:\/\/demo.cizoglubilisim.com\/EsenKadin-5\/2016\/10\/10\/gumruk-ve-ticaret-bakani-tufenkci-basin-toplantisi\/"},"modified":"2016-10-12T23:22:09","modified_gmt":"2016-10-12T20:22:09","slug":"gumruk-ve-ticaret-bakani-tufenkci-basin-toplantisi","status":"publish","type":"post","link":"https:\/\/demo.cizoglubilisim.com\/EsenKadin-5\/gumruk-ve-ticaret-bakani-tufenkci-basin-toplantisi-h68.html","title":{"rendered":"G\u00fcmr\u00fck ve Ticaret Bakan\u0131 T\u00fcfenkci Bas\u0131n Toplant\u0131s\u0131"},"content":{"rendered":"<p>G\u00fcmr\u00fck ve Ticaret Bakan\u0131 B\u00fclent T\u00fcfenkci, &#8220;T\u00fcrkiye&#8217;de kurulan yabanc\u0131 sermayeli \u015firketlere bakt\u0131\u011f\u0131m\u0131zda 15 Temmuz&#8217;dan \u00f6nce kurulan \u015firketlerden y\u00fczde 100 daha artt\u0131\u011f\u0131n\u0131 g\u00f6r\u00fcyoruz.&#8221; dedi.<\/p>\n<p>Bakan T\u00fcfenkci, kentteki temaslar\u0131 kapsam\u0131nda B\u00fcy\u00fck\u015fehir Belediyesini ziyaret ederek Ba\u015fkan Fatih Mehmet Erko\u00e7&#8217;tan brifing ald\u0131. Erko\u00e7, belediyenin \u00e7al\u0131\u015fmalar\u0131na ili\u015fkin sunumu izleyen T\u00fcfenkci&#8217;ye \u0130stiklal madalyas\u0131 berat\u0131 hediye etti.<\/p>\n<p>Daha sonra AK Parti \u0130l Ba\u015fkanl\u0131\u011f\u0131n\u0131 ziyaret eden T\u00fcfenkci, \u0130l Ba\u015fkan\u0131 Ahmet \u00d6zdemir, il\u00e7e ba\u015fkanlar\u0131 ve y\u00f6netimi kurulu \u00fcyelerince kar\u015f\u0131land\u0131. Burada, partililere seslenen T\u00fcfenkci, AK Parti&#8217;nin icraatlar\u0131na ve T\u00fcrkiye&#8217;nin b\u00fcy\u00fcmesine ili\u015fkin de\u011ferlendirmede bulundu.<\/p>\n<p>AK Parti \u0130l Ba\u015fkanl\u0131\u011f\u0131nca Necip Faz\u0131l K\u00fclt\u00fcr Merkezi&#8217;nde d\u00fczenlenen Siyaset Akademisi&#8217;nin ilk dersini veren Bakan T\u00fcfenkci, 15 Temmuz&#8217;un destans\u0131 bir direni\u015f oldu\u011funu s\u00f6yledi.<\/p>\n<p>15 Temmuz&#8217;un b\u00fct\u00fcn d\u00fcnyada \u00f6rnek bir direni\u015f olarak tarihe ge\u00e7ti\u011fini dile getiren T\u00fcfenkci, birilerinin bundan rahats\u0131z oldu\u011funu, \u00f6zellikle de yurt d\u0131\u015f\u0131ndaki dost bilinenlerin neredeyse &#8220;Darbe niye ba\u015far\u0131l\u0131 olamad\u0131?&#8221; diye kendilerinden hesap sormaya kalkt\u0131\u011f\u0131n\u0131 belirtti. T\u00fcfenkci, &#8220;Ama bilmiyorlard\u0131 ki T\u00fcrk milleti asil bir millet, T\u00fcrk milleti vatan\u0131na da yeri geldi\u011finde ekonomisine de demokrasisine de en g\u00fczel \u015fekilde sahip \u00e7\u0131kar.&#8221; dedi.<\/p>\n<p>Darbe ba\u015far\u0131s\u0131z olunca hemen devreye uluslararas\u0131 derecelendirme kurulu\u015flar\u0131n\u0131n girdi\u011fi ifade eden T\u00fcfenkci, \u015f\u00f6yle devam etti:<\/p>\n<p>&#8220;Darbeden bir g\u00fcn sonra Standard&amp;Poor&#8217;s puan indirdi. Ne oldu? Hangi g\u00f6stergeler de\u011fi\u015fti? Bu darbe giri\u015fiminin ekonomide ne gibi etkileri oldu? Hi\u00e7bir analize dayanmadan sadece b\u00f6yle bir darbe giri\u015fiminden dolay\u0131 T\u00fcrkiye&#8217;nin notunu indirdi. Hi\u00e7bir hakl\u0131 gerek\u00e7e olmadan, hi\u00e7bir veriye dayanmadan s\u0131rf siyasi m\u00fclahazalarla bu not indiriminden sonra ayn\u0131 \u015fekilde iki g\u00fcn \u00f6nce &#8216;T\u00fcrkiye bu darbe giri\u015fiminin etkisinden \u00e7ok \u00e7abuk \u00e7\u0131kt\u0131&#8217; diyen Moody&#8217;s iki g\u00fcn sonra tuttu notumuzu indirdi. Ne de\u011fi\u015fti iki g\u00fcnde? Ne oldu hangi g\u00f6stergelerimiz geriye gitti?&#8221;<\/p>\n<p>&nbsp;<\/p>\n<p>Moody&#8217;s&#8217;in T\u00fcrkiye&#8217;nin notunu y\u00fckseltti\u011fi 2012&#8217;deki verilerin 2016 verilerinden \u00e7ok ileri olmad\u0131\u011f\u0131n\u0131, \u00e7ok daha geri ve her alanda geri oldu\u011funu vurgulayan T\u00fcfenkci, 2012&#8217;de b\u00fcy\u00fcme oranlar\u0131 2,01 iken 2015 ba\u015f\u0131nda y\u00fczde 4 b\u00fcy\u00fcnd\u00fc\u011f\u00fcn\u00fc, ikinci \u00e7eyrek y\u00fczde 3,9 b\u00fcy\u00fcme olmas\u0131na ra\u011fmen not d\u00fc\u015f\u00fcm\u00fc oldu\u011funu aktard\u0131.<\/p>\n<p>&#8211; &#8220;Kimse T\u00fcrkiye&#8217;ye istikamet \u00e7izemez&#8221;<\/p>\n<p>T\u00fcfenkci, enflasyonun d\u00fc\u015fmesi, faiz oranlar\u0131n\u0131n 2012&#8217;ye g\u00f6re geriye gitmesi, her alanda daha ileride olunmas\u0131na ra\u011fmen \u015fu veya bu gerek\u00e7elerle T\u00fcrkiye&#8217;nin notunun d\u00fc\u015f\u00fcr\u00fcld\u00fc\u011f\u00fcne i\u015faret ederek \u015funlar\u0131 s\u00f6yledi:<\/p>\n<p>&#8220;Onlar ne kadar notumuzu d\u00fc\u015f\u00fcr\u00fcrse d\u00fc\u015f\u00fcrs\u00fcn bizim i\u00e7in \u00f6nemli olan milletin notu. Millet, notumuzu d\u00fc\u015f\u00fcrmedikten sonra biz Allah&#8217;\u0131n izniyle yolumuza devam ederiz. O notlarla iktidara gelmedik, o notlarla da Allah&#8217;\u0131n izniyle iktidardan gitmeyece\u011fiz. E\u011fer birileri bu notlarla, ekonomik sald\u0131r\u0131larla, bu millete eksen \u00e7izmeye \u00e7al\u0131\u015f\u0131rlarsa, istikamet \u00e7izmeye \u00e7al\u0131\u015f\u0131rlarsa, bilsinler ki 15 Temmuz&#8217;dan sonra e\u011fer birileri bu T\u00fcrkiye&#8217;ye istikamet \u00e7izecekse bu o g\u00fcn o tanklar\u0131n alt\u0131na yatanlar, kur\u015funlara kendilerini siper ederler yani T\u00fcrk milleti istikamet \u00e7izer. Onun d\u0131\u015f\u0131nda hi\u00e7 kimse T\u00fcrkiye&#8217;ye istikamet \u00e7izemez.&#8221;<\/p>\n<p>T\u00fcrkiye&#8217;nin eski T\u00fcrkiye olmas\u0131n\u0131n istendi\u011fine dikkati \u00e7eken T\u00fcfenkci, T\u00fcrkiye&#8217;nin bir deme\u00e7le IMF kap\u0131lar\u0131nda s\u00fcr\u00fcnmesinin istendi\u011fini ama art\u0131k bunun m\u00fcmk\u00fcn olmad\u0131\u011f\u0131n\u0131 belirtti.<\/p>\n<p>&#8211; 15 Temmuz&#8217;dan sonra yabanc\u0131 sermaye<\/p>\n<p>15 Temmuz&#8217;dan sonra dost ve d\u00fc\u015fmana T\u00fcrk ekonomisinin ger\u00e7ekten sa\u011flam, k\u0131r\u0131lganl\u0131k ve dalgalanmalara kar\u015f\u0131 dayan\u0131kl\u0131 oldu\u011funun g\u00f6sterildi\u011fini ifade eden T\u00fcfenkci, \u015funlar\u0131 kaydetti:<\/p>\n<p>&#8220;15 Temmuz&#8217;dan sonra bakt\u0131\u011f\u0131m\u0131zda T\u00fcrkiye&#8217;ye yabanc\u0131 sermaye giri\u015fi, 15 Temmuz&#8217;dan daha fazla artm\u0131\u015f durumda. T\u00fcrkiye&#8217;de kurulan yabanc\u0131 sermayeli \u015firketlere bakt\u0131\u011f\u0131m\u0131zda 15 Temmuz&#8217;dan \u00f6nce kurulan \u015firketlerden y\u00fczde 100 artt\u0131\u011f\u0131n\u0131 g\u00f6r\u00fcyoruz. Bu esas\u0131nda bir \u015feyi g\u00f6steriyor. Kim ne derse desin kim T\u00fcrkiye ekonomisini maniple etmeye kalkarsa kalks\u0131n yabanc\u0131 yat\u0131r\u0131mc\u0131 da biliyor ki T\u00fcrkiye&#8217;de ekmek var. Onun i\u00e7in bir yabanc\u0131 T\u00fcrkiye&#8217;ye yat\u0131r\u0131m yapacaksa nota falan bakm\u0131yor, geliyor piyasaya bak\u0131yor, ortama bak\u0131yor, y\u00f6neticilere bak\u0131yor. Ondan sonra karar veriyor.&#8221;<\/p>\n","protected":false},"excerpt":{"rendered":"<p>G\u00fcmr\u00fck ve Ticaret Bakan\u0131 B\u00fclent T\u00fcfenkci, &#8220;T\u00fcrkiye&#8217;de kurulan yabanc\u0131 sermayeli \u015firketlere bakt\u0131\u011f\u0131m\u0131zda 15 Temmuz&#8217;dan \u00f6nce kurulan \u015firketlerden y\u00fczde 100 daha artt\u0131\u011f\u0131n\u0131 g\u00f6r\u00fcyoruz.&#8221; dedi. Bakan T\u00fcfenkci, kentteki temaslar\u0131 kapsam\u0131nda B\u00fcy\u00fck\u015fehir Belediyesini ziyaret ederek Ba\u015fkan Fatih Mehmet Erko\u00e7&#8217;tan brifing ald\u0131. Erko\u00e7, belediyenin \u00e7al\u0131\u015fmalar\u0131na ili\u015fkin sunumu izleyen T\u00fcfenkci&#8217;ye \u0130stiklal madalyas\u0131 berat\u0131 hediye etti. Daha sonra AK Parti \u0130l [&hellip;]<\/p>\n","protected":false},"author":1,"featured_media":223,"comment_status":"open","ping_status":"open","sticky":false,"template":"","format":"standard","meta":[],"categories":[3],"tags":[38,39,40,41],"_links":{"self":[{"href":"https:\/\/demo.cizoglubilisim.com\/EsenKadin-5\/wp-json\/wp\/v2\/posts\/68"}],"collection":[{"href":"https:\/\/demo.cizoglubilisim.com\/EsenKadin-5\/wp-json\/wp\/v2\/posts"}],"about":[{"href":"https:\/\/demo.cizoglubilisim.com\/EsenKadin-5\/wp-json\/wp\/v2\/types\/post"}],"author":[{"embeddable":true,"href":"https:\/\/demo.cizoglubilisim.com\/EsenKadin-5\/wp-json\/wp\/v2\/users\/1"}],"replies":[{"embeddable":true,"href":"https:\/\/demo.cizoglubilisim.com\/EsenKadin-5\/wp-json\/wp\/v2\/comments?post=68"}],"version-history":[{"count":1,"href":"https:\/\/demo.cizoglubilisim.com\/EsenKadin-5\/wp-json\/wp\/v2\/posts\/68\/revisions"}],"predecessor-version":[{"id":224,"href":"https:\/\/demo.cizoglubilisim.com\/EsenKadin-5\/wp-json\/wp\/v2\/posts\/68\/revisions\/224"}],"wp:featuredmedia":[{"embeddable":true,"href":"https:\/\/demo.cizoglubilisim.com\/EsenKadin-5\/wp-json\/wp\/v2\/media\/223"}],"wp:attachment":[{"href":"https:\/\/demo.cizoglubilisim.com\/EsenKadin-5\/wp-json\/wp\/v2\/media?parent=68"}],"wp:term":[{"taxonomy":"category","embeddable":true,"href":"https:\/\/demo.cizoglubilisim.com\/EsenKadin-5\/wp-json\/wp\/v2\/categories?post=68"},{"taxonomy":"post_tag","embeddable":true,"href":"https:\/\/demo.cizoglubilisim.com\/EsenKadin-5\/wp-json\/wp\/v2\/tags?post=68"}],"curies":[{"name":"wp","href":"https:\/\/api.w.org\/{rel}","templated":true}]}}